{"id":27446,"date":"2025-03-13T10:43:55","date_gmt":"2025-03-13T08:43:55","guid":{"rendered":"https:\/\/rcreee.org\/appels-denergies-renouvelables-leader-du-marche-de-la-region-arabe\/"},"modified":"2025-03-13T10:43:55","modified_gmt":"2025-03-13T08:43:55","slug":"appels-denergies-renouvelables-leader-du-marche-de-la-region-arabe","status":"publish","type":"post","link":"https:\/\/rcreee.org\/fr\/appels-denergies-renouvelables-leader-du-marche-de-la-region-arabe\/","title":{"rendered":"Appels d&#8217;\u00e9nergies renouvelables &#8211; Leader du march\u00e9 de la r\u00e9gion arabe"},"content":{"rendered":"","protected":false},"excerpt":{"rendered":"","protected":false},"author":2,"featured_media":0,"comment_status":"closed","ping_status":"closed","sticky":false,"template":"","format":"standard","meta":{"footnotes":""},"categories":[99],"tags":[],"class_list":["post-27446","post","type-post","status-publish","format-standard","hentry","category-publications"],"_links":{"self":[{"href":"https:\/\/rcreee.org\/fr\/wp-json\/wp\/v2\/posts\/27446","targetHints":{"allow":["GET"]}}],"collection":[{"href":"https:\/\/rcreee.org\/fr\/wp-json\/wp\/v2\/posts"}],"about":[{"href":"https:\/\/rcreee.org\/fr\/wp-json\/wp\/v2\/types\/post"}],"author":[{"embeddable":true,"href":"https:\/\/rcreee.org\/fr\/wp-json\/wp\/v2\/users\/2"}],"replies":[{"embeddable":true,"href":"https:\/\/rcreee.org\/fr\/wp-json\/wp\/v2\/comments?post=27446"}],"version-history":[{"count":0,"href":"https:\/\/rcreee.org\/fr\/wp-json\/wp\/v2\/posts\/27446\/revisions"}],"wp:attachment":[{"href":"https:\/\/rcreee.org\/fr\/wp-json\/wp\/v2\/media?parent=27446"}],"wp:term":[{"taxonomy":"category","embeddable":true,"href":"https:\/\/rcreee.org\/fr\/wp-json\/wp\/v2\/categories?post=27446"},{"taxonomy":"post_tag","embeddable":true,"href":"https:\/\/rcreee.org\/fr\/wp-json\/wp\/v2\/tags?post=27446"}],"curies":[{"name":"wp","href":"https:\/\/api.w.org\/{rel}","templated":true}]}}